{"id":20117,"date":"2022-12-05T13:42:29","date_gmt":"2022-12-05T11:42:29","guid":{"rendered":"https:\/\/www.aerotim.ro\/?p=20117"},"modified":"2023-03-28T15:24:55","modified_gmt":"2023-03-28T12:24:55","slug":"comunicat-de-presa-sistem-nou-de-procesare-bagaje","status":"publish","type":"post","link":"https:\/\/www.aerotim.ro\/index.php\/2022\/12\/05\/comunicat-de-presa-sistem-nou-de-procesare-bagaje\/","title":{"rendered":"Comunicat de Pres\u0103  &#8211;  Sistem nou de procesare bagaje"},"content":{"rendered":"<p style=\"text-align: center;\"><strong>COMUNICAT DE PRES\u0102<\/strong><\/p>\n<p><strong><em>\u00a0<\/em><\/strong><\/p>\n<p><strong><em>\u00a0<\/em><\/strong><\/p>\n<p><strong><em>\u00a0<\/em><\/strong><\/p>\n<p><strong><em><u>Timi\u0219oara, 05.12.2022<\/u><\/em><\/strong><\/p>\n<p>&nbsp;<\/p>\n<p>Stima\u021bi jurnali\u0219ti,<\/p>\n<p>&nbsp;<\/p>\n<p>Veste excelent\u0103 pentru pasagerii Aeroportului Interna\u021bional Timi\u0219oara Traian Vuia: \u00een ajun de Mo\u0219 Nicolae se ridic\u0103 restric\u021biile referitoare la lichidele din bagajele de m\u00e2n\u0103. Nici electronicele nu vor mai fi scoase la verificare.<\/p>\n<p>Aeroportul Interna\u021bional Timi\u0219oara Traian Vuia se al\u0103tur\u0103 aeroporturilor \u00een care controlul de securitate devine mult mai rapid \u0219i mai simplu, fiind eliminat\u0103 restric\u021bia referitoare la cantitatea de lichide, aerosoli \u0219i geluri care dep\u0103\u0219esc 100 de mililitri. Pasagerii vor sc\u0103pa de stresul de a pune recipientele \u00een pungi de plastic pentru scanare separat\u0103 de bagajul de m\u00e2n\u0103. Acela\u0219i lucru va fi valabil \u0219i pentru electronice, laptopurile \u0219i accesoriile acestora urm\u00e2nd s\u0103 treac\u0103 prin scanere f\u0103r\u0103 s\u0103 mai fie obligatorie scoaterea lor din bagaj.<\/p>\n<p>Implementarea acestui sistem modern de control de securitate a fost posibil\u0103 \u00een urma achizi\u021bion\u0103rii celor mai noi echipamente de specialitate prin accesarea unei finan\u021b\u0103ri nerambursabile ob\u021binute prin Programul Opera\u021bional Infrastructur\u0103 Mare 2014-2020.<\/p>\n<p>Opera\u021bionalizarea sistemului de scanare a fost realizat\u0103 prin cooperarea Aeroportului Interna\u021bional Timi\u0219oara cu Brigada Antitero din cadrul Serviciului Rom\u00e2n de Informa\u021bii \u0219i cu Autoritatea Aeronautic\u0103 Civil\u0103 Rom\u00e2n\u0103.<\/p>\n<p>Dincolo de faptul c\u0103 este eliminat stresul ambal\u0103rii recipientelor \u0219i a scoaterii acestora pentru scanare separat\u0103, cel mai important c\u00e2\u0219tig este reducerea timpului de procesare a pasagerilor la efectuarea controlului de securitate.<\/p>\n<p>Aceast\u0103 informa\u021bie este cu siguran\u021b\u0103 o veste bun\u0103 pentru majoritatea pasagerilor care c\u0103l\u0103toresc de la Timi\u0219oara spre alte destina\u021bii. Totu\u0219i e bine ca ace\u0219tia s\u0103 aib\u0103 \u00een vedere \u0219i faptul c\u0103 aceste reguli valabile de ast\u0103zi pe AIT TV nu se aplic\u0103 \u00een orice aeroport pe care urmeaz\u0103 s\u0103 ajung\u0103. O m\u0103sur\u0103 eficient\u0103 care s\u0103-i scuteasc\u0103 de complica\u021bii este verificarea condi\u021biilor de securitate din aeroporturile spre care zboar\u0103, cu suportul companiilor aeriene prin care achizi\u021bioneaz\u0103 biletele de c\u0103l\u0103torie.<\/p>\n<p><strong><em>\u00a0<\/em><\/strong><\/p>\n<p><strong><em>\u00a0<\/em><\/strong><\/p>\n<p><strong><em>Biroul de Comunicare,<\/em><\/strong><\/p>\n<p><strong><em>Aeroportul Interna\u021bional Timi\u0219oara \u00a0<\/em><\/strong><strong><em>&#8220;<\/em><\/strong><strong><em>TRAIAN VUIA&#8220;<\/em><\/strong><\/p>\n","protected":false},"excerpt":{"rendered":"<p>COMUNICAT DE PRES\u0102 \u00a0 \u00a0 \u00a0 Timi\u0219oara, 05.12.2022 &nbsp; Stima\u021bi jurnali\u0219ti, &nbsp; Veste excelent\u0103 pentru pasagerii Aeroportului Interna\u021bional Timi\u0219oara Traian Vuia: \u00een ajun de Mo\u0219 Nicolae se ridic\u0103 restric\u021biile referitoare la lichidele din bagajele de m\u00e2n\u0103. Nici electronicele nu vor mai fi scoase la verificare. Aeroportul Interna\u021bional Timi\u0219oara Traian Vuia se al\u0103tur\u0103 aeroporturilor \u00een care [&hellip;]<\/p>\n","protected":false},"author":5,"featured_media":20118,"comment_status":"closed","ping_status":"closed","sticky":false,"template":"","format":"standard","meta":{"footnotes":""},"categories":[56],"tags":[],"class_list":["post-20117","post","type-post","status-publish","format-standard","has-post-thumbnail","hentry","category-aeroport"],"_links":{"self":[{"href":"https:\/\/www.aerotim.ro\/index.php\/wp-json\/wp\/v2\/posts\/20117","targetHints":{"allow":["GET"]}}],"collection":[{"href":"https:\/\/www.aerotim.ro\/index.php\/wp-json\/wp\/v2\/posts"}],"about":[{"href":"https:\/\/www.aerotim.ro\/index.php\/wp-json\/wp\/v2\/types\/post"}],"author":[{"embeddable":true,"href":"https:\/\/www.aerotim.ro\/index.php\/wp-json\/wp\/v2\/users\/5"}],"replies":[{"embeddable":true,"href":"https:\/\/www.aerotim.ro\/index.php\/wp-json\/wp\/v2\/comments?post=20117"}],"version-history":[{"count":1,"href":"https:\/\/www.aerotim.ro\/index.php\/wp-json\/wp\/v2\/posts\/20117\/revisions"}],"predecessor-version":[{"id":20121,"href":"https:\/\/www.aerotim.ro\/index.php\/wp-json\/wp\/v2\/posts\/20117\/revisions\/20121"}],"wp:featuredmedia":[{"embeddable":true,"href":"https:\/\/www.aerotim.ro\/index.php\/wp-json\/wp\/v2\/media\/20118"}],"wp:attachment":[{"href":"https:\/\/www.aerotim.ro\/index.php\/wp-json\/wp\/v2\/media?parent=20117"}],"wp:term":[{"taxonomy":"category","embeddable":true,"href":"https:\/\/www.aerotim.ro\/index.php\/wp-json\/wp\/v2\/categories?post=20117"},{"taxonomy":"post_tag","embeddable":true,"href":"https:\/\/www.aerotim.ro\/index.php\/wp-json\/wp\/v2\/tags?post=20117"}],"curies":[{"name":"wp","href":"https:\/\/api.w.org\/{rel}","templated":true}]}}