{"id":186,"date":"2022-05-17T15:39:10","date_gmt":"2022-05-17T12:39:10","guid":{"rendered":"http:\/\/theme-fusion.com\/avada\/classic\/?p=186"},"modified":"2023-02-14T09:04:03","modified_gmt":"2023-02-14T07:04:03","slug":"semnare_contract_terminal_externe","status":"publish","type":"post","link":"https:\/\/www.aerotim.ro\/index.php\/2022\/05\/17\/semnare_contract_terminal_externe\/","title":{"rendered":"SEMNARE CONTRACT TERMINAL PLEC\u0102RI EXTERNE"},"content":{"rendered":"<div class=\"wpb-content-wrapper\">[vc_row][vc_column][vc_column_text]Ast\u0103zi, 17.05.2022, la Ministerul Transporturilor au fost semnate: contractul pentru construirea noului Terminal de plec\u0103ri curse externe al Aeroportului Interna\u0163ional Timi\u0219oara Traian Vuia \u0219i ordinul de \u00eencepere a lucr\u0103rilor pentru acela\u0219i obiectiv.<br \/>\nLa eveniment au fost prezen\u021bi: dl. Sorin Mihai Grindeanu, ministrul transporturilor \u0219i al infrastructurii, dl. Daniel Pi\u021burlea, pre\u0219edintele grupului Concelex \u0219i director general al Concelex Engineering \u0219i dl. Daniel Oliver Stamatovici, directorul general al Aeroportului Interna\u021bional Timi\u0219oara Traian Vuia.<br \/>\nC\u00e2\u0219tig\u0103torul licita\u021biei pentru proiectul \u201eServicii de elaborare a documenta\u021biei tehnico-economice (fazele D.A.C., P.T., D.E.) \u0219i realizarea pe baza acesteia a lucr\u0103rilor de executare pentru edificarea unei construc\u021bii cu destina\u021bia \u00abTerminal plec\u0103ri curse externe\u00bb, cu asigurarea inclusiv a serviciilor de asisten\u021b\u0103 tehnic\u0103 din partea proiectantului\u201d, a fost desemnat \u00een 25 martie 2022. Din cele \u0219ase asocieri constituite pentru ofertare ini\u021bial\u0103 \u2013 Strabag, Concelex, Bog\u2019Art, Kesz Construc\u021bii Rom\u00e2nia, Elidiclau Prest \u0219i Construc\u021bii Erba\u0219u, respectiv trei selectate pentru etapa final\u0103 \u2013 Concelex, Construc\u021bii Erba\u0219u \u0219i Strabag, oferta desemnat\u0103 c\u00e2\u0219tig\u0103toare a fost cea depus\u0103 de SC Concelex SRL (lider de asociere) \u2013 SC Concelex Engineering SRL \u2013 SC Convcrete&amp;Design Solution SRL \u2013 SC Metroul SA.<br \/>\n\u00cen data de 6 aprilie 2022, la C.N.S.C. (Consiliul Na\u021bional de Solu\u021bionare a Contesta\u021biilor) a fost \u00eenregistrat\u0103 contesta\u021bia SC Strabag SRL (de pe locul II) referitoare la procedura de achizi\u021bie public\u0103.<br \/>\nPrin decizia nr. 967\/C1\/848 din 09.05.2022, C.N.S.C. a respins ca nefondat\u0103 contesta\u021bia depus\u0103 \u0219i a confirmat decizia Aeroportului Interna\u021bional Timi\u0219oara Traian Vuia de desemnare a c\u00e2\u0219tig\u0103torului licita\u021biei, Concelex SRL. <a href=\"http:\/\/yandex.ru\" target=\"_blank\" rel=\"noopener\">\u044f\u043d\u0434\u0435\u043a\u0441<\/a><br \/>\nLicita\u021bia pentru noul terminal de plec\u0103ri curse externe a fost lansat\u0103 pe 3 septembrie 2021. Valoarea estimat\u0103 a lucr\u0103rilor de construire este de 88,99 de milioane de lei iar termenul limit\u0103 de finalizare a construc\u021biei este 31 decembrie 2023. Terminalul va avea o suprafa\u021b\u0103 construit\u0103 de 12.000 mp, 6 filtre de securitate, 18 ghi\u0219ee check-in, 6 por\u021bi de scanare automat\u0103 a documentelor.<\/p>\n<p>&nbsp;<\/p>\n<p>Biroul de Comunicare,<br \/>\nAeroportul Interna\u021bional Timi\u0219oara \u201eTRAIAN VUIA\u201e[\/vc_column_text][\/vc_column][\/vc_row]\n<\/div>","protected":false},"excerpt":{"rendered":"<p>Nam lacinia arcu tortor, nec luctus nibh dignissim eu nulla sit amet maximus.<\/p>\n","protected":false},"author":1,"featured_media":18487,"comment_status":"closed","ping_status":"closed","sticky":false,"template":"","format":"standard","meta":{"footnotes":""},"categories":[56],"tags":[],"class_list":["post-186","post","type-post","status-publish","format-standard","has-post-thumbnail","hentry","category-aeroport"],"_links":{"self":[{"href":"https:\/\/www.aerotim.ro\/index.php\/wp-json\/wp\/v2\/posts\/186","targetHints":{"allow":["GET"]}}],"collection":[{"href":"https:\/\/www.aerotim.ro\/index.php\/wp-json\/wp\/v2\/posts"}],"about":[{"href":"https:\/\/www.aerotim.ro\/index.php\/wp-json\/wp\/v2\/types\/post"}],"author":[{"embeddable":true,"href":"https:\/\/www.aerotim.ro\/index.php\/wp-json\/wp\/v2\/users\/1"}],"replies":[{"embeddable":true,"href":"https:\/\/www.aerotim.ro\/index.php\/wp-json\/wp\/v2\/comments?post=186"}],"version-history":[{"count":2,"href":"https:\/\/www.aerotim.ro\/index.php\/wp-json\/wp\/v2\/posts\/186\/revisions"}],"predecessor-version":[{"id":18486,"href":"https:\/\/www.aerotim.ro\/index.php\/wp-json\/wp\/v2\/posts\/186\/revisions\/18486"}],"wp:featuredmedia":[{"embeddable":true,"href":"https:\/\/www.aerotim.ro\/index.php\/wp-json\/wp\/v2\/media\/18487"}],"wp:attachment":[{"href":"https:\/\/www.aerotim.ro\/index.php\/wp-json\/wp\/v2\/media?parent=186"}],"wp:term":[{"taxonomy":"category","embeddable":true,"href":"https:\/\/www.aerotim.ro\/index.php\/wp-json\/wp\/v2\/categories?post=186"},{"taxonomy":"post_tag","embeddable":true,"href":"https:\/\/www.aerotim.ro\/index.php\/wp-json\/wp\/v2\/tags?post=186"}],"curies":[{"name":"wp","href":"https:\/\/api.w.org\/{rel}","templated":true}]}}